{"id":88,"date":"2008-11-12T16:04:18","date_gmt":"2008-11-12T19:04:18","guid":{"rendered":"https:\/\/cibersale.com.br\/?p=88"},"modified":"2009-01-09T08:31:50","modified_gmt":"2009-01-09T11:31:50","slug":"cachi-atras-en-el-tiempo","status":"publish","type":"post","link":"https:\/\/cibersale.com.br\/es\/2008\/11\/12\/cachi-atras-en-el-tiempo\/","title":{"rendered":"Cachi: atr\u00e1s en el tiempo"},"content":{"rendered":"<p>Nuestra visita a la antigua ciudad de <a href=\"http:\/\/es.wikipedia.org\/wiki\/Cachi_(Salta)\">Cachi<\/a> queda en nuestros recuerdos como un lugar para volver. Desde la ciudad de Salta son 157 kms. Bajando de Salta por la ruta 68 como yendo hacia Cafayate se dobla en <strong>El Carril<\/strong> a la derecha para tomar la ruta 33. Luego se empalma con la ruta 42 para pasar de caminio por el hermos\u00edsimo <strong>Parque Nacional Los Cardones<\/strong> y luego la ruta nacional 40 hacia Cachi.<\/p>\n<div class=\"tramo\">El camino est\u00e1 muy mejorado, con varios tramos asfaltados; pero a\u00fan as\u00ed son 120 kms. de camino de monta\u00f1a, angosto en algunos trechos y con acantilados. Te recomiendo que calcules <strong>4 horas de viaje<\/strong> y que lo hagas de d\u00eda.<\/div>\n<p>Nosotros llegamos a la noche, la temperatura baja bastante. Si quieres ver algunas fotos haz click en el enlace:<\/p>\n<p><a href=\"http:\/\/www.flickr.com\/photos\/30945363@N02\/sets\/72157607567726124\/show\/\"><span style=\"font-size:1.4em;color:blue;\">Click aqu\u00ed para ver una presentaci\u00f3n en Flickr<\/span><\/a><\/p>\n<p>El Camping Municipal, est\u00e1 buen\u00edsimo. Los ba\u00f1os limpios, agua caliente. Hay unas parcelitas para acampar con asador y luz el\u00e9ctrica. El precio es $20 por d\u00eda por auto, no importa cu\u00e1ntas personas. desde el campign se puede ir caminando al centro de la ciudad de Cachi, solo unas 10 cuadras.<\/p>\n<p>El peque\u00f1a ciudad es de ensue\u00f1o con el <a href=\"http:\/\/es.wikipedia.org\/wiki\/Nevado_de_Cachi\">Nevado de Cachi<\/a> de tel\u00f3n de fondo y las casas coloniales. La ciudad es muy limpia y est\u00e1 preparada para recibir turismo.<\/p>\n<p><a href=\"https:\/\/cibersale.com.br\/wp-content\/uploads\/cachi2008.jpg\"><img loading=\"lazy\" src=\"https:\/\/cibersale.com.br\/wp-content\/uploads\/cachi2008-300x225.jpg\" alt=\"\" title=\"en Cachi\" width=\"300\" height=\"225\" class=\"alignnone size-medium wp-image-89\" srcset=\"https:\/\/cibersale.com.br\/wp-content\/uploads\/cachi2008-300x225.jpg 300w, https:\/\/cibersale.com.br\/wp-content\/uploads\/cachi2008.jpg 640w\" sizes=\"(max-width: 300px) 100vw, 300px\" \/><\/a><\/p>\n<p>Y  por supuesto \u00a1te recomiento que pruebes las exquisitas empanadas, piza de queso de cabra y la tarta de verduras de <strong>Carlos de Ce. Pro. Nat., en la calle Federico Suarez<\/strong>!, nuestro querido guardaparques preocupado por preservar la belleza natural del parque Los Cardones.<\/p>\n","protected":false},"excerpt":{"rendered":"<p>Una peque\u00f1a ciudad perdida en el tiempo.<\/p>\n","protected":false},"author":3,"featured_media":0,"comment_status":"open","ping_status":"open","sticky":false,"template":"","format":"standard","meta":[],"categories":[4,15],"tags":[22,23,18],"acf":[],"_links":{"self":[{"href":"https:\/\/cibersale.com.br\/es\/wp-json\/wp\/v2\/posts\/88"}],"collection":[{"href":"https:\/\/cibersale.com.br\/es\/wp-json\/wp\/v2\/posts"}],"about":[{"href":"https:\/\/cibersale.com.br\/es\/wp-json\/wp\/v2\/types\/post"}],"author":[{"embeddable":true,"href":"https:\/\/cibersale.com.br\/es\/wp-json\/wp\/v2\/users\/3"}],"replies":[{"embeddable":true,"href":"https:\/\/cibersale.com.br\/es\/wp-json\/wp\/v2\/comments?post=88"}],"version-history":[{"count":0,"href":"https:\/\/cibersale.com.br\/es\/wp-json\/wp\/v2\/posts\/88\/revisions"}],"wp:attachment":[{"href":"https:\/\/cibersale.com.br\/es\/wp-json\/wp\/v2\/media?parent=88"}],"wp:term":[{"taxonomy":"category","embeddable":true,"href":"https:\/\/cibersale.com.br\/es\/wp-json\/wp\/v2\/categories?post=88"},{"taxonomy":"post_tag","embeddable":true,"href":"https:\/\/cibersale.com.br\/es\/wp-json\/wp\/v2\/tags?post=88"}],"curies":[{"name":"wp","href":"https:\/\/api.w.org\/{rel}","templated":true}]}}